{"id":3062,"date":"2014-07-07T11:19:48","date_gmt":"2014-07-07T11:19:48","guid":{"rendered":"http:\/\/www.colegiogarciabarredo.es\/blog\/?p=3062"},"modified":"2014-07-07T11:19:48","modified_gmt":"2014-07-07T11:19:48","slug":"taller-de-marionetas-y-semana-del-libro","status":"publish","type":"post","link":"http:\/\/www.colegiogarciabarredo.es\/blog\/?p=3062","title":{"rendered":"TALLER DE MARIONETAS Y SEMANA DEL LIBRO"},"content":{"rendered":"<p><span style=\"color: #000000;\">Con la vor\u00e1gine de las actividades de final de curso, tenemos varias cosucas atrasadas para incluir en nestro blog. Empezaremos con <strong>El Taller de Marionetas del Tercer Ciclo<\/strong> y con las<strong> actividades que realizamos con motivo de la semana del libro.<\/strong><\/span><\/p>\n<p><span style=\"color: #000000;\">Si el a\u00f1o pasado nuestras marionetas nacieron de \u201cviejos colchones meaos.\u201d, este curso surgieron de envases y tapones de jabones, lej\u00edas, detergentes, suavizantes\u2026<\/span><br \/>\n<span style=\"color: #000000;\">Y si las primeras nos salieron \u201cbien saladas\u201d, \u00e9stas otras lucieron \u201climpias, suaves, olorosas y muy elegantes\u201d<\/span><br \/>\n<span style=\"color: #000000;\">Actuaron ataviadas con los brillantes colores de las telas de paraguas que el dios Eolo\u00a0nos proporcion\u00f3 durante este invierno. Y al igual que sus antecesoras tuvieron un \u00e9xito clamoroso en el estreno de las <\/span><strong>tres obras<\/strong><span style=\"color: #000000;\"> que creamos para su debut gui\u00f1olesco y que puso en escena de forma magistral, nuestra ya famosa compa\u00f1\u00eda<\/span><strong> Titiricole<\/strong><span style=\"color: #000000;\">.<span style=\"color: #ff0000;\"><em>\u00ab<strong>Los Reyes de Leyendo\u00bb,\u00a0 \u00abEl Alcalde de Vilalbalde\u00bb y \u00abAmor en la charca\u00bb<\/strong><\/em><\/span> sacaron las carcajadass y \u00abalg\u00fan que otro lloro\u00bb de los m\u00e1s peque\u00f1os.<\/span><br \/>\n<span style=\"color: #000000;\">Por otra parte se procedi\u00f3 a la <em><strong><span style=\"color: #ff0000;\">entrega de premios de los concursos de poes\u00eda<\/span> <\/strong><\/em>realizados en los distintos ciclos, as\u00ed como a la entrega de los nuevos carnets de la\u00a0 biblioteca escolar.<\/span><br \/>\n<span style=\"color: #000000;\">El acto se cerr\u00f3 con la proyecci\u00f3n del audiovisual realizado por los alumnos del Tercer Ciclo, titulado<span style=\"color: #ff0000;\"><strong><em> \u00abGildo y los lobos\u00bb<\/em><\/strong><\/span><\/span><br \/>\n<embed width=\"553\" height=\"389\" type=\"application\/x-shockwave-flash\" src=\"https:\/\/photos.gstatic.com\/media\/slideshow.swf\" flashvars=\"host=picasaweb.google.com&amp;hl=es&amp;feat=flashalbum&amp;RGB=0x000000&amp;feed=https%3A%2F%2Fpicasaweb.google.com%2Fdata%2Ffeed%2Fapi%2Fuser%2F107546272546107725137%2Falbumid%2F6020405434392237121%3Falt%3Drss%26kind%3Dphoto%26authkey%3DGv1sRgCIv2nJKltq6l1gE%26hl%3Des\" pluginspage=\"http:\/\/www.macromedia.com\/go\/getflashplayer\"><\/embed><\/p>\n","protected":false},"excerpt":{"rendered":"<p>Con la vor\u00e1gine de las actividades de final de curso, tenemos varias cosucas atrasadas para incluir en nestro blog. Empezaremos con El Taller de Marionetas del Tercer Ciclo y con las actividades que realizamos con motivo de la semana del libro. Si el a\u00f1o pasado nuestras marionetas nacieron de \u201cviejos colchones meaos.\u201d, este curso surgieron [&hellip;]<\/p>\n","protected":false},"author":1,"featured_media":0,"comment_status":"closed","ping_status":"open","sticky":false,"template":"","format":"standard","meta":[],"categories":[1,3,12],"tags":[],"_links":{"self":[{"href":"http:\/\/www.colegiogarciabarredo.es\/blog\/index.php?rest_route=\/wp\/v2\/posts\/3062"}],"collection":[{"href":"http:\/\/www.colegiogarciabarredo.es\/blog\/index.php?rest_route=\/wp\/v2\/posts"}],"about":[{"href":"http:\/\/www.colegiogarciabarredo.es\/blog\/index.php?rest_route=\/wp\/v2\/types\/post"}],"author":[{"embeddable":true,"href":"http:\/\/www.colegiogarciabarredo.es\/blog\/index.php?rest_route=\/wp\/v2\/users\/1"}],"replies":[{"embeddable":true,"href":"http:\/\/www.colegiogarciabarredo.es\/blog\/index.php?rest_route=%2Fwp%2Fv2%2Fcomments&post=3062"}],"version-history":[{"count":4,"href":"http:\/\/www.colegiogarciabarredo.es\/blog\/index.php?rest_route=\/wp\/v2\/posts\/3062\/revisions"}],"predecessor-version":[{"id":3066,"href":"http:\/\/www.colegiogarciabarredo.es\/blog\/index.php?rest_route=\/wp\/v2\/posts\/3062\/revisions\/3066"}],"wp:attachment":[{"href":"http:\/\/www.colegiogarciabarredo.es\/blog\/index.php?rest_route=%2Fwp%2Fv2%2Fmedia&parent=3062"}],"wp:term":[{"taxonomy":"category","embeddable":true,"href":"http:\/\/www.colegiogarciabarredo.es\/blog\/index.php?rest_route=%2Fwp%2Fv2%2Fcategories&post=3062"},{"taxonomy":"post_tag","embeddable":true,"href":"http:\/\/www.colegiogarciabarredo.es\/blog\/index.php?rest_route=%2Fwp%2Fv2%2Ftags&post=3062"}],"curies":[{"name":"wp","href":"https:\/\/api.w.org\/{rel}","templated":true}]}}