{"id":5419,"date":"2019-03-01T21:10:12","date_gmt":"2019-03-01T21:10:12","guid":{"rendered":"http:\/\/www.colegiogarciabarredo.es\/blog\/?p=5419"},"modified":"2019-03-08T21:28:47","modified_gmt":"2019-03-08T21:28:47","slug":"carnaval-2019-el-video","status":"publish","type":"post","link":"http:\/\/www.colegiogarciabarredo.es\/blog\/?p=5419","title":{"rendered":"Carnaval 2019: El v\u00eddeo"},"content":{"rendered":"\n<p>Ya est\u00e1 aqu\u00ed  el<strong> v\u00eddeo <\/strong>de las actuaciones de carnaval. Esta vez lo hemos divido en dos partes. Poneos c\u00f3modos, aclararos la garganta, ajustad el volumen de los altavoces, teclead la contrase\u00f1a <em>(la de siempre, la de todos los v\u00eddeos, ya sab\u00e9is)<\/em>\u00a0y a\u00a0<strong>disfrutar<\/strong>\u00a0de nuevo\u00a0del estupendo Carnaval del colegio.\u00a0<em>Chequetecheque te cheque, chequetechequeteque\u2026<\/em><\/p>\n\n\n\n<figure class=\"wp-block-embed-vimeo wp-block-embed is-type-video is-provider-vimeo wp-embed-aspect-16-9 wp-has-aspect-ratio\"><div class=\"wp-block-embed__wrapper\">\n<iframe loading=\"lazy\" src=\"https:\/\/player.vimeo.com\/video\/322312092?app_id=122963\" width=\"500\" height=\"281\" frameborder=\"0\" allow=\"autoplay; fullscreen\" allowfullscreen><\/iframe>\n<\/div><figcaption>Parte 1 del festival<\/figcaption><\/figure>\n\n\n\n<figure class=\"wp-block-embed-vimeo wp-block-embed is-type-video is-provider-vimeo wp-embed-aspect-16-9 wp-has-aspect-ratio\"><div class=\"wp-block-embed__wrapper\">\n<iframe loading=\"lazy\" src=\"https:\/\/player.vimeo.com\/video\/322313127?app_id=122963\" width=\"500\" height=\"281\" frameborder=\"0\" allow=\"autoplay; fullscreen\" allowfullscreen><\/iframe>\n<\/div><figcaption>Parte 2 del festival<\/figcaption><\/figure>\n\n\n\n<p><\/p>\n","protected":false},"excerpt":{"rendered":"<p>Ya est\u00e1 aqu\u00ed el v\u00eddeo de las actuaciones de carnaval. Esta vez lo hemos divido en dos partes. Poneos c\u00f3modos, aclararos la garganta, ajustad el volumen de los altavoces, teclead la contrase\u00f1a (la de siempre, la de todos los v\u00eddeos, ya sab\u00e9is)\u00a0y a\u00a0disfrutar\u00a0de nuevo\u00a0del estupendo Carnaval del colegio.\u00a0Chequetecheque te cheque, chequetechequeteque\u2026<\/p>\n","protected":false},"author":1,"featured_media":0,"comment_status":"closed","ping_status":"open","sticky":false,"template":"","format":"standard","meta":[],"categories":[36,12,35],"tags":[],"_links":{"self":[{"href":"http:\/\/www.colegiogarciabarredo.es\/blog\/index.php?rest_route=\/wp\/v2\/posts\/5419"}],"collection":[{"href":"http:\/\/www.colegiogarciabarredo.es\/blog\/index.php?rest_route=\/wp\/v2\/posts"}],"about":[{"href":"http:\/\/www.colegiogarciabarredo.es\/blog\/index.php?rest_route=\/wp\/v2\/types\/post"}],"author":[{"embeddable":true,"href":"http:\/\/www.colegiogarciabarredo.es\/blog\/index.php?rest_route=\/wp\/v2\/users\/1"}],"replies":[{"embeddable":true,"href":"http:\/\/www.colegiogarciabarredo.es\/blog\/index.php?rest_route=%2Fwp%2Fv2%2Fcomments&post=5419"}],"version-history":[{"count":3,"href":"http:\/\/www.colegiogarciabarredo.es\/blog\/index.php?rest_route=\/wp\/v2\/posts\/5419\/revisions"}],"predecessor-version":[{"id":5422,"href":"http:\/\/www.colegiogarciabarredo.es\/blog\/index.php?rest_route=\/wp\/v2\/posts\/5419\/revisions\/5422"}],"wp:attachment":[{"href":"http:\/\/www.colegiogarciabarredo.es\/blog\/index.php?rest_route=%2Fwp%2Fv2%2Fmedia&parent=5419"}],"wp:term":[{"taxonomy":"category","embeddable":true,"href":"http:\/\/www.colegiogarciabarredo.es\/blog\/index.php?rest_route=%2Fwp%2Fv2%2Fcategories&post=5419"},{"taxonomy":"post_tag","embeddable":true,"href":"http:\/\/www.colegiogarciabarredo.es\/blog\/index.php?rest_route=%2Fwp%2Fv2%2Ftags&post=5419"}],"curies":[{"name":"wp","href":"https:\/\/api.w.org\/{rel}","templated":true}]}}