{"id":6126,"date":"2023-06-02T11:25:50","date_gmt":"2023-06-02T11:25:50","guid":{"rendered":"https:\/\/www.colegiogarciabarredo.es\/blog\/?p=6126"},"modified":"2023-06-02T11:26:38","modified_gmt":"2023-06-02T11:26:38","slug":"que-experiencia-tan-emotiva-y-tan-pedagogica","status":"publish","type":"post","link":"http:\/\/www.colegiogarciabarredo.es\/blog\/?p=6126","title":{"rendered":"\u00a1Qu\u00e9 experiencia tan emotiva y tan pedag\u00f3gica!"},"content":{"rendered":"<p><strong>Lo prometido es deuda. Aqu\u00ed os dejamos el segundo podcast de los alumnos de 5\u00ba de Primaria donde explican todo lo vivido en la Residencia \u00abSan Miguel\u00bb de Meruelo. Gracias a todas las trabajadores que hicieron posible este encuentro intergeneracional tan pedag\u00f3gico para todos. Fue muy satisfactorio salir de la rutina y poder vivenciar de primera mano la importancia de cuidar y respetar a los m\u00e1s mayores.\u00a0<\/strong><\/p>\n<p><strong>Realizado con mucho cari\u00f1o por el alumnado, deseamos que os guste. Un saludo y \u00e1nimo en la recta final del curso.\u00a0<\/strong><\/p>\n<p><iframe loading=\"lazy\" title=\"2\u00ba PODCAST. RESIDENCIA DE MAYORES (creado con Spreaker) by Iv\u00e1n Mi\u00f1o\" width=\"500\" height=\"400\" scrolling=\"no\" frameborder=\"no\" src=\"https:\/\/w.soundcloud.com\/player\/?visual=true&#038;url=https%3A%2F%2Fapi.soundcloud.com%2Ftracks%2F1528756300&#038;show_artwork=true&#038;maxheight=750&#038;maxwidth=500\"><\/iframe><\/p>\n<p>&nbsp;<\/p>\n","protected":false},"excerpt":{"rendered":"<p>Lo prometido es deuda. Aqu\u00ed os dejamos el segundo podcast de los alumnos de 5\u00ba de Primaria donde explican todo lo vivido en la Residencia \u00abSan Miguel\u00bb de Meruelo. Gracias a todas las trabajadores que hicieron posible este encuentro intergeneracional tan pedag\u00f3gico para todos. Fue muy satisfactorio salir de la rutina y poder vivenciar de [&hellip;]<\/p>\n","protected":false},"author":1,"featured_media":0,"comment_status":"closed","ping_status":"open","sticky":false,"template":"","format":"standard","meta":[],"categories":[1,4,51,60],"tags":[],"_links":{"self":[{"href":"http:\/\/www.colegiogarciabarredo.es\/blog\/index.php?rest_route=\/wp\/v2\/posts\/6126"}],"collection":[{"href":"http:\/\/www.colegiogarciabarredo.es\/blog\/index.php?rest_route=\/wp\/v2\/posts"}],"about":[{"href":"http:\/\/www.colegiogarciabarredo.es\/blog\/index.php?rest_route=\/wp\/v2\/types\/post"}],"author":[{"embeddable":true,"href":"http:\/\/www.colegiogarciabarredo.es\/blog\/index.php?rest_route=\/wp\/v2\/users\/1"}],"replies":[{"embeddable":true,"href":"http:\/\/www.colegiogarciabarredo.es\/blog\/index.php?rest_route=%2Fwp%2Fv2%2Fcomments&post=6126"}],"version-history":[{"count":3,"href":"http:\/\/www.colegiogarciabarredo.es\/blog\/index.php?rest_route=\/wp\/v2\/posts\/6126\/revisions"}],"predecessor-version":[{"id":6130,"href":"http:\/\/www.colegiogarciabarredo.es\/blog\/index.php?rest_route=\/wp\/v2\/posts\/6126\/revisions\/6130"}],"wp:attachment":[{"href":"http:\/\/www.colegiogarciabarredo.es\/blog\/index.php?rest_route=%2Fwp%2Fv2%2Fmedia&parent=6126"}],"wp:term":[{"taxonomy":"category","embeddable":true,"href":"http:\/\/www.colegiogarciabarredo.es\/blog\/index.php?rest_route=%2Fwp%2Fv2%2Fcategories&post=6126"},{"taxonomy":"post_tag","embeddable":true,"href":"http:\/\/www.colegiogarciabarredo.es\/blog\/index.php?rest_route=%2Fwp%2Fv2%2Ftags&post=6126"}],"curies":[{"name":"wp","href":"https:\/\/api.w.org\/{rel}","templated":true}]}}