{"id":1599,"date":"2011-12-18T22:58:47","date_gmt":"2011-12-18T22:58:47","guid":{"rendered":"http:\/\/www.colegiogarciabarredo.es\/blog\/?p=1599"},"modified":"2011-12-18T23:17:02","modified_gmt":"2011-12-18T23:17:02","slug":"muro-xxv-aniversario","status":"publish","type":"post","link":"https:\/\/www.colegiogarciabarredo.es\/blog\/?p=1599","title":{"rendered":"Muro XXV Aniversario"},"content":{"rendered":"<p>25 a\u00f1os dan mucho de s\u00ed. Muchos alumnos, muchos momentos, cantidad de actividades y horas pasadas con profesores, con compa\u00f1eros y amigos. Con algunos sigues en contacto, de otros casi te has olvidado. En cualquier caso seguro que te har\u00e1 mucha ilusi\u00f3n ver antiguas fotos de tu estancia en el colegio, de aquella salida inolvidable o de aquel carnaval&#8230; \u00a1pues est\u00e1s de suerte!. Un grupo de antiguas alumnas ha seleccionado, recortado y pegado un grupo de fotos representativas de algunos de esos momentos \u00fanicos \u00bfestar\u00e1s t\u00fa en alguna de ellas? \u00bfquieres volver a ver la cara del chico o chica que te gustaba? \u00bfo de aqu\u00e9llos amigos de la infancia?&#8230; pues p\u00e1sate por el colegio a visitar el muro&#8230;<\/p>\n<p><a href=\"https:\/\/picasaweb.google.com\/lh\/photo\/QNPlyf9hvuqSiJL1NAlRETpVraMwD7c-ytoZC4-O3IQ?feat=embedwebsite\"><img decoding=\"async\" loading=\"lazy\" src=\"https:\/\/lh3.googleusercontent.com\/-M0vqQz7bQlQ\/Tu5oSBhULfI\/AAAAAAAAAcM\/dq9DWpQuZhw\/s640\/DSC_1026.JPG\" alt=\"\" width=\"540\" height=\"360\" \/>Inaugurando los trabajos de creaci\u00f3n del muro XXV aniversario<\/a> <!--more--><\/p>\n<p><a href=\"https:\/\/picasaweb.google.com\/lh\/photo\/L7hjTRXZ45iuiwNCVluppTpVraMwD7c-ytoZC4-O3IQ?feat=embedwebsite\"><img decoding=\"async\" loading=\"lazy\" src=\"https:\/\/lh6.googleusercontent.com\/-yEb-IkfjUq8\/Tu5nbQJ2r5I\/AAAAAAAAAbE\/waMRL526UPg\/s640\/DSC_1031.JPG\" alt=\"\" width=\"540\" height=\"360\" \/>Tres antiguas alumnas hicieron los cuatro paneles que forman el muro<\/a><\/p>\n<p><a href=\"https:\/\/picasaweb.google.com\/lh\/photo\/yEd7PzhpWf10o8m2IZs9TjpVraMwD7c-ytoZC4-O3IQ?feat=embedwebsite\"><img decoding=\"async\" loading=\"lazy\" src=\"https:\/\/lh3.googleusercontent.com\/-Od6o6GupwA8\/Tu5pAP9IPnI\/AAAAAAAAAcs\/3NlbiMa5tr0\/s640\/DSC_1028.JPG\" alt=\"\" width=\"540\" height=\"360\" \/>Alg\u00fan antiguo profesor tambi\u00e9n se acerc\u00f3 a echar una mano<\/a><\/p>\n<p><a href=\"https:\/\/picasaweb.google.com\/lh\/photo\/OqZK0BEJ9xoU4jCZDwP3TDpVraMwD7c-ytoZC4-O3IQ?feat=embedwebsite\"><img decoding=\"async\" loading=\"lazy\" src=\"https:\/\/lh5.googleusercontent.com\/-sKRhOOfEchY\/Tu5nyNGacYI\/AAAAAAAAAbk\/rAUeiNDPwbU\/s640\/DSC_1030.JPG\" alt=\"\" width=\"540\" height=\"360\" \/>Son taaaaantas fotos<\/a><\/p>\n<p><a href=\"https:\/\/picasaweb.google.com\/lh\/photo\/9PXuEfh8KtsQSuzebp9eDDpVraMwD7c-ytoZC4-O3IQ?feat=embedwebsite\"><img decoding=\"async\" loading=\"lazy\" src=\"https:\/\/lh6.googleusercontent.com\/--ga1yFQ3X-0\/Tu5nhHAf5sI\/AAAAAAAAAbQ\/fVYDsHFikWM\/s640\/DSC_1033.JPG\" alt=\"\" width=\"540\" height=\"360\" \/>Satisfechos por el trabajo realizado<\/a><\/p>\n<p>&nbsp;<\/p>\n<p>&nbsp;<\/p>\n","protected":false},"excerpt":{"rendered":"<p>25 a\u00f1os dan mucho de s\u00ed. Muchos alumnos, muchos momentos, cantidad de actividades y horas pasadas con profesores, con compa\u00f1eros y amigos. Con algunos sigues en contacto, de otros casi te has olvidado. En cualquier caso seguro que te har\u00e1 mucha ilusi\u00f3n ver antiguas fotos de tu estancia en el colegio, de aquella salida inolvidable [&hellip;]<\/p>\n","protected":false},"author":10,"featured_media":0,"comment_status":"closed","ping_status":"open","sticky":false,"template":"","format":"standard","meta":[],"categories":[17],"tags":[],"_links":{"self":[{"href":"https:\/\/www.colegiogarciabarredo.es\/blog\/index.php?rest_route=\/wp\/v2\/posts\/1599"}],"collection":[{"href":"https:\/\/www.colegiogarciabarredo.es\/blog\/index.php?rest_route=\/wp\/v2\/posts"}],"about":[{"href":"https:\/\/www.colegiogarciabarredo.es\/blog\/index.php?rest_route=\/wp\/v2\/types\/post"}],"author":[{"embeddable":true,"href":"https:\/\/www.colegiogarciabarredo.es\/blog\/index.php?rest_route=\/wp\/v2\/users\/10"}],"replies":[{"embeddable":true,"href":"https:\/\/www.colegiogarciabarredo.es\/blog\/index.php?rest_route=%2Fwp%2Fv2%2Fcomments&post=1599"}],"version-history":[{"count":11,"href":"https:\/\/www.colegiogarciabarredo.es\/blog\/index.php?rest_route=\/wp\/v2\/posts\/1599\/revisions"}],"predecessor-version":[{"id":1607,"href":"https:\/\/www.colegiogarciabarredo.es\/blog\/index.php?rest_route=\/wp\/v2\/posts\/1599\/revisions\/1607"}],"wp:attachment":[{"href":"https:\/\/www.colegiogarciabarredo.es\/blog\/index.php?rest_route=%2Fwp%2Fv2%2Fmedia&parent=1599"}],"wp:term":[{"taxonomy":"category","embeddable":true,"href":"https:\/\/www.colegiogarciabarredo.es\/blog\/index.php?rest_route=%2Fwp%2Fv2%2Fcategories&post=1599"},{"taxonomy":"post_tag","embeddable":true,"href":"https:\/\/www.colegiogarciabarredo.es\/blog\/index.php?rest_route=%2Fwp%2Fv2%2Ftags&post=1599"}],"curies":[{"name":"wp","href":"https:\/\/api.w.org\/{rel}","templated":true}]}}