{"id":2400,"date":"2013-03-05T18:44:52","date_gmt":"2013-03-05T18:44:52","guid":{"rendered":"http:\/\/www.colegiogarciabarredo.es\/blog\/?p=2400"},"modified":"2013-04-15T10:43:03","modified_gmt":"2013-04-15T10:43:03","slug":"las-marzas-2013","status":"publish","type":"post","link":"https:\/\/www.colegiogarciabarredo.es\/blog\/?p=2400","title":{"rendered":"Las Marzas 2013"},"content":{"rendered":"<p>Los alumnos de 4\u00ba y 5\u00ba de primaria <span style=\"color: #ff6600;\"><strong>cantaron las<\/strong><\/span> tradicionales <span style=\"color: #800080;\"><strong>marzas<\/strong><\/span>. Fueron por las clases y recolectaron alg\u00fan que otro peque\u00f1o presente en forma de golosina saludable.<\/p>\n<p>No les podemos oir, pero podemos ver c\u00f3mo lo hicieron a trav\u00e9s de <span style=\"color: #008000;\"><strong>estas fotos<\/strong><\/span><\/p>\n<p><embed type=\"application\/x-shockwave-flash\" src=\"https:\/\/picasaweb.google.com\/s\/c\/bin\/slideshow.swf\" width=\"520\" height=\"350\" flashvars=\"host=picasaweb.google.com&#038;hl=es&#038;feat=flashalbum&#038;RGB=0x000000&#038;feed=https%3A%2F%2Fpicasaweb.google.com%2Fdata%2Ffeed%2Fapi%2Fuser%2F109804676841557555205%2Falbumid%2F5866818388991904961%3Falt%3Drss%26kind%3Dphoto%26authkey%3DGv1sRgCOezkpv0p4LEXg%26hl%3Des\" pluginspage=\"http:\/\/www.macromedia.com\/go\/getflashplayer\"><\/embed><\/p>\n<p>&nbsp;<\/p>\n<p>&nbsp;<\/p>\n","protected":false},"excerpt":{"rendered":"<p>Los alumnos de 4\u00ba y 5\u00ba de primaria cantaron las tradicionales marzas. Fueron por las clases y recolectaron alg\u00fan que otro peque\u00f1o presente en forma de golosina saludable. No les podemos oir, pero podemos ver c\u00f3mo lo hicieron a trav\u00e9s de estas fotos &nbsp; &nbsp;<\/p>\n","protected":false},"author":10,"featured_media":0,"comment_status":"closed","ping_status":"open","sticky":false,"template":"","format":"standard","meta":[],"categories":[12,9],"tags":[],"_links":{"self":[{"href":"https:\/\/www.colegiogarciabarredo.es\/blog\/index.php?rest_route=\/wp\/v2\/posts\/2400"}],"collection":[{"href":"https:\/\/www.colegiogarciabarredo.es\/blog\/index.php?rest_route=\/wp\/v2\/posts"}],"about":[{"href":"https:\/\/www.colegiogarciabarredo.es\/blog\/index.php?rest_route=\/wp\/v2\/types\/post"}],"author":[{"embeddable":true,"href":"https:\/\/www.colegiogarciabarredo.es\/blog\/index.php?rest_route=\/wp\/v2\/users\/10"}],"replies":[{"embeddable":true,"href":"https:\/\/www.colegiogarciabarredo.es\/blog\/index.php?rest_route=%2Fwp%2Fv2%2Fcomments&post=2400"}],"version-history":[{"count":5,"href":"https:\/\/www.colegiogarciabarredo.es\/blog\/index.php?rest_route=\/wp\/v2\/posts\/2400\/revisions"}],"predecessor-version":[{"id":2450,"href":"https:\/\/www.colegiogarciabarredo.es\/blog\/index.php?rest_route=\/wp\/v2\/posts\/2400\/revisions\/2450"}],"wp:attachment":[{"href":"https:\/\/www.colegiogarciabarredo.es\/blog\/index.php?rest_route=%2Fwp%2Fv2%2Fmedia&parent=2400"}],"wp:term":[{"taxonomy":"category","embeddable":true,"href":"https:\/\/www.colegiogarciabarredo.es\/blog\/index.php?rest_route=%2Fwp%2Fv2%2Fcategories&post=2400"},{"taxonomy":"post_tag","embeddable":true,"href":"https:\/\/www.colegiogarciabarredo.es\/blog\/index.php?rest_route=%2Fwp%2Fv2%2Ftags&post=2400"}],"curies":[{"name":"wp","href":"https:\/\/api.w.org\/{rel}","templated":true}]}}