{"id":2703,"date":"2013-11-24T14:14:03","date_gmt":"2013-11-24T14:14:03","guid":{"rendered":"http:\/\/www.colegiogarciabarredo.es\/blog\/?p=2703"},"modified":"2013-11-24T14:17:24","modified_gmt":"2013-11-24T14:17:24","slug":"magosta-2013-las-fotos","status":"publish","type":"post","link":"https:\/\/www.colegiogarciabarredo.es\/blog\/?p=2703","title":{"rendered":"Magosta 2013: Las Fotos"},"content":{"rendered":"<p>Como sabeis el Jueves 21 celebramos nuesrta tradicional magosta, en la que, adem\u00e1s de comer casta\u00f1as, se baila, se canta, se act\u00faa, se aprende y se pasan momentos muy gratos, que queremos compartir con todos vosotros con estas im\u00e1genes.<\/p>\n<p><embed type=\"application\/x-shockwave-flash\" src=\"https:\/\/static.googleusercontent.com\/external_content\/picasaweb.googleusercontent.com\/slideshow.swf\" width=\"540\" height=\"360\" flashvars=\"host=picasaweb.google.com&#038;hl=es&#038;feat=flashalbum&#038;RGB=0x000000&#038;feed=https%3A%2F%2Fpicasaweb.google.com%2Fdata%2Ffeed%2Fapi%2Fuser%2F107546272546107725137%2Falbumid%2F5949486914876312561%3Falt%3Drss%26kind%3Dphoto%26authkey%3DGv1sRgCLKJyY_88MT1uwE%26hl%3Des\" pluginspage=\"http:\/\/www.macromedia.com\/go\/getflashplayer\"><\/embed><\/p>\n<p>Y las fotos de la actuaci\u00f3n de la tarde.<\/p>\n<p><embed type=\"application\/x-shockwave-flash\" src=\"https:\/\/static.googleusercontent.com\/external_content\/picasaweb.googleusercontent.com\/slideshow.swf\" width=\"540\" height=\"360\" flashvars=\"host=picasaweb.google.com&#038;hl=es&#038;feat=flashalbum&#038;RGB=0x000000&#038;feed=https%3A%2F%2Fpicasaweb.google.com%2Fdata%2Ffeed%2Fapi%2Fuser%2F107546272546107725137%2Falbumid%2F5949488356413788177%3Falt%3Drss%26kind%3Dphoto%26authkey%3DGv1sRgCJnptob709nAXA%26hl%3Des\" pluginspage=\"http:\/\/www.macromedia.com\/go\/getflashplayer\"><\/embed><\/p>\n","protected":false},"excerpt":{"rendered":"<p>Como sabeis el Jueves 21 celebramos nuesrta tradicional magosta, en la que, adem\u00e1s de comer casta\u00f1as, se baila, se canta, se act\u00faa, se aprende y se pasan momentos muy gratos, que queremos compartir con todos vosotros con estas im\u00e1genes. Y las fotos de la actuaci\u00f3n de la tarde.<\/p>\n","protected":false},"author":10,"featured_media":0,"comment_status":"closed","ping_status":"open","sticky":false,"template":"","format":"standard","meta":[],"categories":[1,3,12,13,8,9],"tags":[],"_links":{"self":[{"href":"https:\/\/www.colegiogarciabarredo.es\/blog\/index.php?rest_route=\/wp\/v2\/posts\/2703"}],"collection":[{"href":"https:\/\/www.colegiogarciabarredo.es\/blog\/index.php?rest_route=\/wp\/v2\/posts"}],"about":[{"href":"https:\/\/www.colegiogarciabarredo.es\/blog\/index.php?rest_route=\/wp\/v2\/types\/post"}],"author":[{"embeddable":true,"href":"https:\/\/www.colegiogarciabarredo.es\/blog\/index.php?rest_route=\/wp\/v2\/users\/10"}],"replies":[{"embeddable":true,"href":"https:\/\/www.colegiogarciabarredo.es\/blog\/index.php?rest_route=%2Fwp%2Fv2%2Fcomments&post=2703"}],"version-history":[{"count":4,"href":"https:\/\/www.colegiogarciabarredo.es\/blog\/index.php?rest_route=\/wp\/v2\/posts\/2703\/revisions"}],"predecessor-version":[{"id":2706,"href":"https:\/\/www.colegiogarciabarredo.es\/blog\/index.php?rest_route=\/wp\/v2\/posts\/2703\/revisions\/2706"}],"wp:attachment":[{"href":"https:\/\/www.colegiogarciabarredo.es\/blog\/index.php?rest_route=%2Fwp%2Fv2%2Fmedia&parent=2703"}],"wp:term":[{"taxonomy":"category","embeddable":true,"href":"https:\/\/www.colegiogarciabarredo.es\/blog\/index.php?rest_route=%2Fwp%2Fv2%2Fcategories&post=2703"},{"taxonomy":"post_tag","embeddable":true,"href":"https:\/\/www.colegiogarciabarredo.es\/blog\/index.php?rest_route=%2Fwp%2Fv2%2Ftags&post=2703"}],"curies":[{"name":"wp","href":"https:\/\/api.w.org\/{rel}","templated":true}]}}