{"id":3496,"date":"2015-06-16T12:49:03","date_gmt":"2015-06-16T12:49:03","guid":{"rendered":"http:\/\/www.colegiogarciabarredo.es\/blog\/?p=3496"},"modified":"2015-06-16T15:44:56","modified_gmt":"2015-06-16T15:44:56","slug":"asi-se-hace-la-tele","status":"publish","type":"post","link":"https:\/\/www.colegiogarciabarredo.es\/blog\/?p=3496","title":{"rendered":"As\u00ed se hace la tele&#8230;"},"content":{"rendered":"<p>No el aparato, sino lo que sale y los que salen en \u00e9l. Pod\u00edamos habernos colado en el \u00abs\u00e1lvame\u00bb, pero ah\u00ed aparece cualquiera, as\u00ed que optamos por un programa serio: un informativo. Nuria, nuestra intrepida presentadora se ha \u00abcolado\u00bb en los informativos de RTVE y los ha presentado. Parec\u00eda m\u00e1s f\u00e1cil eso de contar las noticias, pero hemos descubierto que hay mucho trabajo detr\u00e1s de cada minuto de informaci\u00f3n televisiva. \u00bfQui\u00e9res saber cu\u00e1nto? Introduce la contrase\u00f1a de siempre y dale al play. Te sorprender\u00e1s.<\/p>\n<p><iframe loading=\"lazy\" src=\"https:\/\/player.vimeo.com\/video\/130881159\" width=\"500\" height=\"275\" frameborder=\"0\" webkitallowfullscreen mozallowfullscreen allowfullscreen><\/iframe> <\/p>\n<p><a href=\"https:\/\/vimeo.com\/130881159\">Nuria presentando los informativos<\/a> from <a href=\"https:\/\/vimeo.com\/colegiogarciabarredo\">Dionisio Garcia Barredo<\/a> on <a href=\"https:\/\/vimeo.com\">Vimeo<\/a>.<\/p>\n<p>&nbsp;<\/p>\n<p>&nbsp;<\/p>\n","protected":false},"excerpt":{"rendered":"<p>No el aparato, sino lo que sale y los que salen en \u00e9l. Pod\u00edamos habernos colado en el \u00abs\u00e1lvame\u00bb, pero ah\u00ed aparece cualquiera, as\u00ed que optamos por un programa serio: un informativo. Nuria, nuestra intrepida presentadora se ha \u00abcolado\u00bb en los informativos de RTVE y los ha presentado. Parec\u00eda m\u00e1s f\u00e1cil eso de contar las [&hellip;]<\/p>\n","protected":false},"author":10,"featured_media":0,"comment_status":"closed","ping_status":"open","sticky":false,"template":"","format":"standard","meta":[],"categories":[6],"tags":[],"_links":{"self":[{"href":"https:\/\/www.colegiogarciabarredo.es\/blog\/index.php?rest_route=\/wp\/v2\/posts\/3496"}],"collection":[{"href":"https:\/\/www.colegiogarciabarredo.es\/blog\/index.php?rest_route=\/wp\/v2\/posts"}],"about":[{"href":"https:\/\/www.colegiogarciabarredo.es\/blog\/index.php?rest_route=\/wp\/v2\/types\/post"}],"author":[{"embeddable":true,"href":"https:\/\/www.colegiogarciabarredo.es\/blog\/index.php?rest_route=\/wp\/v2\/users\/10"}],"replies":[{"embeddable":true,"href":"https:\/\/www.colegiogarciabarredo.es\/blog\/index.php?rest_route=%2Fwp%2Fv2%2Fcomments&post=3496"}],"version-history":[{"count":1,"href":"https:\/\/www.colegiogarciabarredo.es\/blog\/index.php?rest_route=\/wp\/v2\/posts\/3496\/revisions"}],"predecessor-version":[{"id":3497,"href":"https:\/\/www.colegiogarciabarredo.es\/blog\/index.php?rest_route=\/wp\/v2\/posts\/3496\/revisions\/3497"}],"wp:attachment":[{"href":"https:\/\/www.colegiogarciabarredo.es\/blog\/index.php?rest_route=%2Fwp%2Fv2%2Fmedia&parent=3496"}],"wp:term":[{"taxonomy":"category","embeddable":true,"href":"https:\/\/www.colegiogarciabarredo.es\/blog\/index.php?rest_route=%2Fwp%2Fv2%2Fcategories&post=3496"},{"taxonomy":"post_tag","embeddable":true,"href":"https:\/\/www.colegiogarciabarredo.es\/blog\/index.php?rest_route=%2Fwp%2Fv2%2Ftags&post=3496"}],"curies":[{"name":"wp","href":"https:\/\/api.w.org\/{rel}","templated":true}]}}