{"id":3809,"date":"2016-03-22T13:57:25","date_gmt":"2016-03-22T13:57:25","guid":{"rendered":"http:\/\/www.colegiogarciabarredo.es\/blog\/?p=3809"},"modified":"2016-04-11T13:42:43","modified_gmt":"2016-04-11T13:42:43","slug":"el-dia-del-arbol","status":"publish","type":"post","link":"https:\/\/www.colegiogarciabarredo.es\/blog\/?p=3809","title":{"rendered":"El d\u00eda del \u00e1rbol"},"content":{"rendered":"<p>Hoy hemos celebrado el d\u00eda del \u00e1rbol. La verdad es que <strong>ayer<\/strong> fue el d\u00eda del \u00e1rbol, <strong>hoy<\/strong> es el <a href=\"http:\/\/www.un.org\/es\/events\/waterday\/\">d\u00eda del agua;<\/a> pero como ayer llovi\u00f3 y el agua nos fastidi\u00f3 la celebraci\u00f3n, decidimos que hoy, en justa compensaci\u00f3n, le cog\u00edamos prestada la fecha. Y ni cortos ni perezosos, salimos al parque del colegio a <span style=\"color: #008000;\"><strong>plantar un \u00e1rbol<\/strong><\/span> y <span style=\"color: #800080;\">leer el sigiuente poema:<\/span><\/p>\n<p style=\"text-align: center;\"><span style=\"color: #993300;\"><strong>Mi \u00e1rbol ten\u00eda<\/strong><\/span><\/p>\n<p style=\"text-align: center;\"><span style=\"color: #ff6600;\"><em>Mi \u00e1rbol ten\u00eda<\/em><\/span><br \/>\n<span style=\"color: #ff6600;\"><em> sus ramas de oro.<\/em><\/span><br \/>\n<span style=\"color: #ff6600;\"><em> Un viento envidioso<\/em><\/span><br \/>\n<span style=\"color: #ff6600;\"><em> rob\u00f3 mi tesoro.<\/em><\/span><br \/>\n<span style=\"color: #ff6600;\"><em> Hoy no tiene ramas.<\/em><\/span><br \/>\n<span style=\"color: #ff6600;\"><em> Hoy no tiene sue\u00f1os<\/em><\/span><br \/>\n<span style=\"color: #ff6600;\"><em> Mi \u00e1rbol callado,<\/em><\/span><br \/>\n<span style=\"color: #ff6600;\"><em> mi \u00e1rbol peque\u00f1o.<\/em><\/span><\/p>\n<p><embed type=\"application\/x-shockwave-flash\" src=\"https:\/\/photos.gstatic.com\/media\/slideshow.swf\" width=\"540\" height=\"360\" flashvars=\"host=picasaweb.google.com&#038;hl=es&#038;feat=flashalbum&#038;RGB=0x000000&#038;feed=https%3A%2F%2Fpicasaweb.google.com%2Fdata%2Ffeed%2Fapi%2Fuser%2F107546272546107725137%2Falbumid%2F6264852028721852049%3Falt%3Drss%26kind%3Dphoto%26authkey%3DGv1sRgCL-4-N_su8bJ_gE%26hl%3Des\" pluginspage=\"http:\/\/www.macromedia.com\/go\/getflashplayer\"><\/embed><\/p>\n","protected":false},"excerpt":{"rendered":"<p>Hoy hemos celebrado el d\u00eda del \u00e1rbol. La verdad es que ayer fue el d\u00eda del \u00e1rbol, hoy es el d\u00eda del agua; pero como ayer llovi\u00f3 y el agua nos fastidi\u00f3 la celebraci\u00f3n, decidimos que hoy, en justa compensaci\u00f3n, le cog\u00edamos prestada la fecha. Y ni cortos ni perezosos, salimos al parque del colegio [&hellip;]<\/p>\n","protected":false},"author":10,"featured_media":0,"comment_status":"closed","ping_status":"open","sticky":false,"template":"","format":"standard","meta":[],"categories":[31,37,13],"tags":[],"_links":{"self":[{"href":"https:\/\/www.colegiogarciabarredo.es\/blog\/index.php?rest_route=\/wp\/v2\/posts\/3809"}],"collection":[{"href":"https:\/\/www.colegiogarciabarredo.es\/blog\/index.php?rest_route=\/wp\/v2\/posts"}],"about":[{"href":"https:\/\/www.colegiogarciabarredo.es\/blog\/index.php?rest_route=\/wp\/v2\/types\/post"}],"author":[{"embeddable":true,"href":"https:\/\/www.colegiogarciabarredo.es\/blog\/index.php?rest_route=\/wp\/v2\/users\/10"}],"replies":[{"embeddable":true,"href":"https:\/\/www.colegiogarciabarredo.es\/blog\/index.php?rest_route=%2Fwp%2Fv2%2Fcomments&post=3809"}],"version-history":[{"count":4,"href":"https:\/\/www.colegiogarciabarredo.es\/blog\/index.php?rest_route=\/wp\/v2\/posts\/3809\/revisions"}],"predecessor-version":[{"id":3859,"href":"https:\/\/www.colegiogarciabarredo.es\/blog\/index.php?rest_route=\/wp\/v2\/posts\/3809\/revisions\/3859"}],"wp:attachment":[{"href":"https:\/\/www.colegiogarciabarredo.es\/blog\/index.php?rest_route=%2Fwp%2Fv2%2Fmedia&parent=3809"}],"wp:term":[{"taxonomy":"category","embeddable":true,"href":"https:\/\/www.colegiogarciabarredo.es\/blog\/index.php?rest_route=%2Fwp%2Fv2%2Fcategories&post=3809"},{"taxonomy":"post_tag","embeddable":true,"href":"https:\/\/www.colegiogarciabarredo.es\/blog\/index.php?rest_route=%2Fwp%2Fv2%2Ftags&post=3809"}],"curies":[{"name":"wp","href":"https:\/\/api.w.org\/{rel}","templated":true}]}}