{"id":5124,"date":"2018-10-05T11:19:55","date_gmt":"2018-10-05T11:19:55","guid":{"rendered":"http:\/\/www.colegiogarciabarredo.es\/blog\/?p=5124"},"modified":"2018-11-30T20:39:59","modified_gmt":"2018-11-30T20:39:59","slug":"dia-de-las-aves-migrantes-en-las-llamas","status":"publish","type":"post","link":"https:\/\/www.colegiogarciabarredo.es\/blog\/?p=5124","title":{"rendered":"D\u00eda de las aves migrantes en Las Llamas"},"content":{"rendered":"<p>Hoy, hemos venido al cole sin la mochila del material&#8230; y nadie nos ha re\u00f1ido. \u00a1\u00a1CLARO!!, ya lo ten\u00edamos preparado; s\u00f3lo el almuerzo y lo de la pisci, que no quer\u00edamos perd\u00e9rnosla.<\/p>\n<p>Hemos estado en el parque de Las Llamas aprendiendo sobre las aves y sus viajes por el mundo huyendo de los fr\u00edos y de la escasez de comida. Lo hemos hecho por grupos de todos los cursos, con juegos y actividades divertidas. Un bonito d\u00eda en uno de los parques m\u00e1s bonitos. Aunque a ratos parec\u00edamos una \u00abbandada\u00bb, hemos logrado ver a distintas especies y conocer sus nombres.<\/p>\n<p><a href=\"https:\/\/photos.app.goo.gl\/Y2kQddj6Jv9uhsHc9\">Pincha aqu\u00ed para ver todas las fotos<\/a><\/p>\n<p><a href=\"http:\/\/www.colegiogarciabarredo.es\/blog\/wp-content\/uploads\/2018\/10\/P1160671-1.jpg\"><img decoding=\"async\" loading=\"lazy\" class=\"alignnone wp-image-5126\" src=\"http:\/\/www.colegiogarciabarredo.es\/blog\/wp-content\/uploads\/2018\/10\/P1160671-1-300x225.jpg\" alt=\"\" width=\"496\" height=\"372\" srcset=\"https:\/\/www.colegiogarciabarredo.es\/blog\/wp-content\/uploads\/2018\/10\/P1160671-1-300x225.jpg 300w, https:\/\/www.colegiogarciabarredo.es\/blog\/wp-content\/uploads\/2018\/10\/P1160671-1-768x576.jpg 768w, https:\/\/www.colegiogarciabarredo.es\/blog\/wp-content\/uploads\/2018\/10\/P1160671-1-1024x768.jpg 1024w\" sizes=\"(max-width: 496px) 100vw, 496px\" \/><\/a><\/p>\n<p>&nbsp;<\/p>\n<p>&nbsp;<\/p>\n","protected":false},"excerpt":{"rendered":"<p>Hoy, hemos venido al cole sin la mochila del material&#8230; y nadie nos ha re\u00f1ido. \u00a1\u00a1CLARO!!, ya lo ten\u00edamos preparado; s\u00f3lo el almuerzo y lo de la pisci, que no quer\u00edamos perd\u00e9rnosla. Hemos estado en el parque de Las Llamas aprendiendo sobre las aves y sus viajes por el mundo huyendo de los fr\u00edos y [&hellip;]<\/p>\n","protected":false},"author":21,"featured_media":0,"comment_status":"closed","ping_status":"open","sticky":false,"template":"","format":"standard","meta":[],"categories":[4],"tags":[],"_links":{"self":[{"href":"https:\/\/www.colegiogarciabarredo.es\/blog\/index.php?rest_route=\/wp\/v2\/posts\/5124"}],"collection":[{"href":"https:\/\/www.colegiogarciabarredo.es\/blog\/index.php?rest_route=\/wp\/v2\/posts"}],"about":[{"href":"https:\/\/www.colegiogarciabarredo.es\/blog\/index.php?rest_route=\/wp\/v2\/types\/post"}],"author":[{"embeddable":true,"href":"https:\/\/www.colegiogarciabarredo.es\/blog\/index.php?rest_route=\/wp\/v2\/users\/21"}],"replies":[{"embeddable":true,"href":"https:\/\/www.colegiogarciabarredo.es\/blog\/index.php?rest_route=%2Fwp%2Fv2%2Fcomments&post=5124"}],"version-history":[{"count":4,"href":"https:\/\/www.colegiogarciabarredo.es\/blog\/index.php?rest_route=\/wp\/v2\/posts\/5124\/revisions"}],"predecessor-version":[{"id":5130,"href":"https:\/\/www.colegiogarciabarredo.es\/blog\/index.php?rest_route=\/wp\/v2\/posts\/5124\/revisions\/5130"}],"wp:attachment":[{"href":"https:\/\/www.colegiogarciabarredo.es\/blog\/index.php?rest_route=%2Fwp%2Fv2%2Fmedia&parent=5124"}],"wp:term":[{"taxonomy":"category","embeddable":true,"href":"https:\/\/www.colegiogarciabarredo.es\/blog\/index.php?rest_route=%2Fwp%2Fv2%2Fcategories&post=5124"},{"taxonomy":"post_tag","embeddable":true,"href":"https:\/\/www.colegiogarciabarredo.es\/blog\/index.php?rest_route=%2Fwp%2Fv2%2Ftags&post=5124"}],"curies":[{"name":"wp","href":"https:\/\/api.w.org\/{rel}","templated":true}]}}