{"id":5827,"date":"2021-01-29T09:14:39","date_gmt":"2021-01-29T09:14:39","guid":{"rendered":"http:\/\/www.colegiogarciabarredo.es\/blog\/?p=5827"},"modified":"2021-01-29T09:15:24","modified_gmt":"2021-01-29T09:15:24","slug":"dia-de-la-paz-6","status":"publish","type":"post","link":"https:\/\/www.colegiogarciabarredo.es\/blog\/?p=5827","title":{"rendered":"D\u00eda de la Paz"},"content":{"rendered":"<p>Este a\u00f1o con motivo del d\u00eda de la Paz entre todos los alumnos y alumnas del centro hemos creado unos vistosos paraguas que decoran nuestro cole. Tambi\u00e9n hemos cantando (y bailado) la canci\u00f3n de \u00abQu\u00e9 bonito es querer\u00bb de Manuel Carrasco.<\/p>\n<p style=\"text-align: center;\"><strong>\u00a1Ha quedado todo precioso! <\/strong><a href=\"http:\/\/www.colegiogarciabarredo.es\/blog\/wp-content\/uploads\/2021\/01\/thumbnail_IMG_5849.jpg\"><br \/>\n<img decoding=\"async\" loading=\"lazy\" class=\"alignright wp-image-5828\" src=\"http:\/\/www.colegiogarciabarredo.es\/blog\/wp-content\/uploads\/2021\/01\/thumbnail_IMG_5849-225x300.jpg\" alt=\"\" width=\"328\" height=\"437\" srcset=\"https:\/\/www.colegiogarciabarredo.es\/blog\/wp-content\/uploads\/2021\/01\/thumbnail_IMG_5849-225x300.jpg 225w, https:\/\/www.colegiogarciabarredo.es\/blog\/wp-content\/uploads\/2021\/01\/thumbnail_IMG_5849-768x1024.jpg 768w, https:\/\/www.colegiogarciabarredo.es\/blog\/wp-content\/uploads\/2021\/01\/thumbnail_IMG_5849.jpg 960w\" sizes=\"(max-width: 328px) 100vw, 328px\" \/><\/a><\/p>\n<p><a href=\"http:\/\/www.colegiogarciabarredo.es\/blog\/wp-content\/uploads\/2021\/01\/thumbnail_IMG_5856.jpg\"><img decoding=\"async\" loading=\"lazy\" class=\"alignright wp-image-5829\" src=\"http:\/\/www.colegiogarciabarredo.es\/blog\/wp-content\/uploads\/2021\/01\/thumbnail_IMG_5856-217x300.jpg\" alt=\"\" width=\"333\" height=\"460\" srcset=\"https:\/\/www.colegiogarciabarredo.es\/blog\/wp-content\/uploads\/2021\/01\/thumbnail_IMG_5856-217x300.jpg 217w, https:\/\/www.colegiogarciabarredo.es\/blog\/wp-content\/uploads\/2021\/01\/thumbnail_IMG_5856-741x1024.jpg 741w, https:\/\/www.colegiogarciabarredo.es\/blog\/wp-content\/uploads\/2021\/01\/thumbnail_IMG_5856-768x1062.jpg 768w, https:\/\/www.colegiogarciabarredo.es\/blog\/wp-content\/uploads\/2021\/01\/thumbnail_IMG_5856.jpg 926w\" sizes=\"(max-width: 333px) 100vw, 333px\" \/><\/a><\/p>\n<p><a href=\"http:\/\/www.colegiogarciabarredo.es\/blog\/wp-content\/uploads\/2021\/01\/thumbnail_IMG-20210128-WA0005.jpg\"><img decoding=\"async\" loading=\"lazy\" class=\"alignright wp-image-5830\" src=\"http:\/\/www.colegiogarciabarredo.es\/blog\/wp-content\/uploads\/2021\/01\/thumbnail_IMG-20210128-WA0005-225x300.jpg\" alt=\"\" width=\"333\" height=\"444\" srcset=\"https:\/\/www.colegiogarciabarredo.es\/blog\/wp-content\/uploads\/2021\/01\/thumbnail_IMG-20210128-WA0005-225x300.jpg 225w, https:\/\/www.colegiogarciabarredo.es\/blog\/wp-content\/uploads\/2021\/01\/thumbnail_IMG-20210128-WA0005-768x1024.jpg 768w, https:\/\/www.colegiogarciabarredo.es\/blog\/wp-content\/uploads\/2021\/01\/thumbnail_IMG-20210128-WA0005.jpg 960w\" sizes=\"(max-width: 333px) 100vw, 333px\" \/><\/a><\/p>\n","protected":false},"excerpt":{"rendered":"<p>Este a\u00f1o con motivo del d\u00eda de la Paz entre todos los alumnos y alumnas del centro hemos creado unos vistosos paraguas que decoran nuestro cole. Tambi\u00e9n hemos cantando (y bailado) la canci\u00f3n de \u00abQu\u00e9 bonito es querer\u00bb de Manuel Carrasco. \u00a1Ha quedado todo precioso!<\/p>\n","protected":false},"author":1,"featured_media":0,"comment_status":"closed","ping_status":"open","sticky":false,"template":"","format":"standard","meta":[],"categories":[1],"tags":[],"_links":{"self":[{"href":"https:\/\/www.colegiogarciabarredo.es\/blog\/index.php?rest_route=\/wp\/v2\/posts\/5827"}],"collection":[{"href":"https:\/\/www.colegiogarciabarredo.es\/blog\/index.php?rest_route=\/wp\/v2\/posts"}],"about":[{"href":"https:\/\/www.colegiogarciabarredo.es\/blog\/index.php?rest_route=\/wp\/v2\/types\/post"}],"author":[{"embeddable":true,"href":"https:\/\/www.colegiogarciabarredo.es\/blog\/index.php?rest_route=\/wp\/v2\/users\/1"}],"replies":[{"embeddable":true,"href":"https:\/\/www.colegiogarciabarredo.es\/blog\/index.php?rest_route=%2Fwp%2Fv2%2Fcomments&post=5827"}],"version-history":[{"count":6,"href":"https:\/\/www.colegiogarciabarredo.es\/blog\/index.php?rest_route=\/wp\/v2\/posts\/5827\/revisions"}],"predecessor-version":[{"id":5836,"href":"https:\/\/www.colegiogarciabarredo.es\/blog\/index.php?rest_route=\/wp\/v2\/posts\/5827\/revisions\/5836"}],"wp:attachment":[{"href":"https:\/\/www.colegiogarciabarredo.es\/blog\/index.php?rest_route=%2Fwp%2Fv2%2Fmedia&parent=5827"}],"wp:term":[{"taxonomy":"category","embeddable":true,"href":"https:\/\/www.colegiogarciabarredo.es\/blog\/index.php?rest_route=%2Fwp%2Fv2%2Fcategories&post=5827"},{"taxonomy":"post_tag","embeddable":true,"href":"https:\/\/www.colegiogarciabarredo.es\/blog\/index.php?rest_route=%2Fwp%2Fv2%2Ftags&post=5827"}],"curies":[{"name":"wp","href":"https:\/\/api.w.org\/{rel}","templated":true}]}}