{"id":5882,"date":"2021-10-21T20:23:33","date_gmt":"2021-10-21T20:23:33","guid":{"rendered":"http:\/\/www.colegiogarciabarredo.es\/blog\/?p=5882"},"modified":"2021-10-21T20:53:30","modified_gmt":"2021-10-21T20:53:30","slug":"visitamos-la-montanesa-y-el-camino-real-de-reinosa","status":"publish","type":"post","link":"https:\/\/www.colegiogarciabarredo.es\/blog\/?p=5882","title":{"rendered":"Visitamos \u00abLa Monta\u00f1esa\u00bb y el Camino Real de Reinosa"},"content":{"rendered":"<p>En estos tiempos raros es especialmente agradable salir al campo, a los montes, a la naturaleza, pisar el \u00abprao\u00bb&#8230;.. y m\u00e1s si te vienen a recoger con un bus de \u00ab\u00c1gata R. de la Prada\u00bb Nosotros no merecemos menos&#8230;.<\/p>\n<p>Llegamos a Pesquera y ya nos esperaba Patricia para ense\u00f1arnos \u00abLa Monta\u00f1esa\u00bb; una antigua fabrica de harinas con la maquinaria original, que te transporta en el tiempo., Un bosque de pino convertido en separadoras, deschinadoras, cribas, cernedoras tuber\u00edas con cangilones&#8230;\u00a0 Es emocionante como, s\u00f3lo con el agua y el ingenio del hombre, se puede convertir el grano en pan. Multitud de m\u00e1quinas, poleas, tubos, aspiradores y hasta gas de ozono para blanquear la blanca harina, los \u00abr\u00edos\u00bb de harina que ven\u00edan en forma de grano desde Castilla camino del puerto de Santander.<\/p>\n<p>Cuando hemos salido, nos hemos encaminado hacia el Camino Real de Reinosa. Parte de un ambicioso plan de comunicaciones del que se cumplen 270 a\u00f1os. Supuso el mayor avance de la historia para Cantabria desde la Calzada Romana. Apasionante investigar m\u00e1s sobre ambos temas y conocerlos, pisarlos, escuchar los molinos y los m\u00e1s de 350 carros, carretas que pasaban diariamente por \u00e9l camino hacia la costa.<\/p>\n<p><a href=\"https:\/\/photos.app.goo.gl\/8PPAzDgrmbKAknxk8\"><img decoding=\"async\" loading=\"lazy\" class=\"alignnone wp-image-5883\" src=\"http:\/\/www.colegiogarciabarredo.es\/blog\/wp-content\/uploads\/2021\/10\/P1100570-1024x768.jpg\" alt=\"\" width=\"540\" height=\"405\" srcset=\"https:\/\/www.colegiogarciabarredo.es\/blog\/wp-content\/uploads\/2021\/10\/P1100570-1024x768.jpg 1024w, https:\/\/www.colegiogarciabarredo.es\/blog\/wp-content\/uploads\/2021\/10\/P1100570-300x225.jpg 300w, https:\/\/www.colegiogarciabarredo.es\/blog\/wp-content\/uploads\/2021\/10\/P1100570-768x576.jpg 768w, https:\/\/www.colegiogarciabarredo.es\/blog\/wp-content\/uploads\/2021\/10\/P1100570-1536x1152.jpg 1536w, https:\/\/www.colegiogarciabarredo.es\/blog\/wp-content\/uploads\/2021\/10\/P1100570-2048x1536.jpg 2048w\" sizes=\"(max-width: 540px) 100vw, 540px\" \/><\/a><\/p>\n","protected":false},"excerpt":{"rendered":"<p>En estos tiempos raros es especialmente agradable salir al campo, a los montes, a la naturaleza, pisar el \u00abprao\u00bb&#8230;.. y m\u00e1s si te vienen a recoger con un bus de \u00ab\u00c1gata R. de la Prada\u00bb Nosotros no merecemos menos&#8230;. Llegamos a Pesquera y ya nos esperaba Patricia para ense\u00f1arnos \u00abLa Monta\u00f1esa\u00bb; una antigua fabrica de [&hellip;]<\/p>\n","protected":false},"author":21,"featured_media":0,"comment_status":"closed","ping_status":"open","sticky":false,"template":"","format":"standard","meta":[],"categories":[1,3,4,60],"tags":[],"_links":{"self":[{"href":"https:\/\/www.colegiogarciabarredo.es\/blog\/index.php?rest_route=\/wp\/v2\/posts\/5882"}],"collection":[{"href":"https:\/\/www.colegiogarciabarredo.es\/blog\/index.php?rest_route=\/wp\/v2\/posts"}],"about":[{"href":"https:\/\/www.colegiogarciabarredo.es\/blog\/index.php?rest_route=\/wp\/v2\/types\/post"}],"author":[{"embeddable":true,"href":"https:\/\/www.colegiogarciabarredo.es\/blog\/index.php?rest_route=\/wp\/v2\/users\/21"}],"replies":[{"embeddable":true,"href":"https:\/\/www.colegiogarciabarredo.es\/blog\/index.php?rest_route=%2Fwp%2Fv2%2Fcomments&post=5882"}],"version-history":[{"count":5,"href":"https:\/\/www.colegiogarciabarredo.es\/blog\/index.php?rest_route=\/wp\/v2\/posts\/5882\/revisions"}],"predecessor-version":[{"id":5888,"href":"https:\/\/www.colegiogarciabarredo.es\/blog\/index.php?rest_route=\/wp\/v2\/posts\/5882\/revisions\/5888"}],"wp:attachment":[{"href":"https:\/\/www.colegiogarciabarredo.es\/blog\/index.php?rest_route=%2Fwp%2Fv2%2Fmedia&parent=5882"}],"wp:term":[{"taxonomy":"category","embeddable":true,"href":"https:\/\/www.colegiogarciabarredo.es\/blog\/index.php?rest_route=%2Fwp%2Fv2%2Fcategories&post=5882"},{"taxonomy":"post_tag","embeddable":true,"href":"https:\/\/www.colegiogarciabarredo.es\/blog\/index.php?rest_route=%2Fwp%2Fv2%2Ftags&post=5882"}],"curies":[{"name":"wp","href":"https:\/\/api.w.org\/{rel}","templated":true}]}}