{"id":6229,"date":"2023-11-28T16:02:38","date_gmt":"2023-11-28T16:02:38","guid":{"rendered":"https:\/\/www.colegiogarciabarredo.es\/blog\/?p=6229"},"modified":"2023-11-28T16:02:38","modified_gmt":"2023-11-28T16:02:38","slug":"visita-a-la-biblioteca-menendez-pelayo","status":"publish","type":"post","link":"https:\/\/www.colegiogarciabarredo.es\/blog\/?p=6229","title":{"rendered":"Visita a la Biblioteca Men\u00e9ndez Pelayo"},"content":{"rendered":"<p>Los alumnos y alumnas de 5\u00ba fuimos el d\u00eda 28 de noviembre a conocer la biblioteca Men\u00e9ndez Pelayo de Santander.<br \/>\nNos explicaron para que sirve una biblioteca y disfrutamos de una b\u00fasqueda del tesoro. Hemos pasado una gran ma\u00f1ana en la biblioteca.<a href=\"http:\/\/www.colegiogarciabarredo.es\/blog\/wp-content\/uploads\/2023\/11\/Biblioteca.jpg\"><img decoding=\"async\" loading=\"lazy\" class=\"aligncenter size-medium wp-image-6230\" src=\"http:\/\/www.colegiogarciabarredo.es\/blog\/wp-content\/uploads\/2023\/11\/Biblioteca-300x200.jpg\" alt=\"\" width=\"300\" height=\"200\" srcset=\"https:\/\/www.colegiogarciabarredo.es\/blog\/wp-content\/uploads\/2023\/11\/Biblioteca-300x200.jpg 300w, https:\/\/www.colegiogarciabarredo.es\/blog\/wp-content\/uploads\/2023\/11\/Biblioteca.jpg 320w\" sizes=\"(max-width: 300px) 100vw, 300px\" \/><\/a><\/p>\n<p><a href=\"http:\/\/www.colegiogarciabarredo.es\/blog\/wp-content\/uploads\/2023\/11\/Biblio-scaled.jpg\"><img decoding=\"async\" loading=\"lazy\" class=\"aligncenter size-medium wp-image-6232\" src=\"http:\/\/www.colegiogarciabarredo.es\/blog\/wp-content\/uploads\/2023\/11\/Biblio-300x300.jpg\" alt=\"\" width=\"300\" height=\"300\" srcset=\"https:\/\/www.colegiogarciabarredo.es\/blog\/wp-content\/uploads\/2023\/11\/Biblio-300x300.jpg 300w, https:\/\/www.colegiogarciabarredo.es\/blog\/wp-content\/uploads\/2023\/11\/Biblio-1024x1024.jpg 1024w, https:\/\/www.colegiogarciabarredo.es\/blog\/wp-content\/uploads\/2023\/11\/Biblio-150x150.jpg 150w, https:\/\/www.colegiogarciabarredo.es\/blog\/wp-content\/uploads\/2023\/11\/Biblio-768x768.jpg 768w, https:\/\/www.colegiogarciabarredo.es\/blog\/wp-content\/uploads\/2023\/11\/Biblio-1536x1536.jpg 1536w, https:\/\/www.colegiogarciabarredo.es\/blog\/wp-content\/uploads\/2023\/11\/Biblio-2048x2048.jpg 2048w\" sizes=\"(max-width: 300px) 100vw, 300px\" \/><\/a><\/p>\n<p>Al final no relajamos leyendo&#8230;<\/p>\n<div style=\"width: 2336px;\" class=\"wp-video\"><!--[if lt IE 9]><script>document.createElement('video');<\/script><![endif]-->\n<video class=\"wp-video-shortcode\" id=\"video-6229-1\" width=\"2336\" height=\"1080\" preload=\"metadata\" controls=\"controls\"><source type=\"video\/mp4\" src=\"http:\/\/www.colegiogarciabarredo.es\/blog\/wp-content\/uploads\/2023\/11\/20231128_120255.mp4?_=1\" \/><a href=\"http:\/\/www.colegiogarciabarredo.es\/blog\/wp-content\/uploads\/2023\/11\/20231128_120255.mp4\">http:\/\/www.colegiogarciabarredo.es\/blog\/wp-content\/uploads\/2023\/11\/20231128_120255.mp4<\/a><\/video><\/div>\n","protected":false},"excerpt":{"rendered":"<p>Los alumnos y alumnas de 5\u00ba fuimos el d\u00eda 28 de noviembre a conocer la biblioteca Men\u00e9ndez Pelayo de Santander. Nos explicaron para que sirve una biblioteca y disfrutamos de una b\u00fasqueda del tesoro. Hemos pasado una gran ma\u00f1ana en la biblioteca. Al final no relajamos leyendo&#8230;<\/p>\n","protected":false},"author":1,"featured_media":0,"comment_status":"closed","ping_status":"open","sticky":false,"template":"","format":"standard","meta":[],"categories":[1],"tags":[],"_links":{"self":[{"href":"https:\/\/www.colegiogarciabarredo.es\/blog\/index.php?rest_route=\/wp\/v2\/posts\/6229"}],"collection":[{"href":"https:\/\/www.colegiogarciabarredo.es\/blog\/index.php?rest_route=\/wp\/v2\/posts"}],"about":[{"href":"https:\/\/www.colegiogarciabarredo.es\/blog\/index.php?rest_route=\/wp\/v2\/types\/post"}],"author":[{"embeddable":true,"href":"https:\/\/www.colegiogarciabarredo.es\/blog\/index.php?rest_route=\/wp\/v2\/users\/1"}],"replies":[{"embeddable":true,"href":"https:\/\/www.colegiogarciabarredo.es\/blog\/index.php?rest_route=%2Fwp%2Fv2%2Fcomments&post=6229"}],"version-history":[{"count":5,"href":"https:\/\/www.colegiogarciabarredo.es\/blog\/index.php?rest_route=\/wp\/v2\/posts\/6229\/revisions"}],"predecessor-version":[{"id":6237,"href":"https:\/\/www.colegiogarciabarredo.es\/blog\/index.php?rest_route=\/wp\/v2\/posts\/6229\/revisions\/6237"}],"wp:attachment":[{"href":"https:\/\/www.colegiogarciabarredo.es\/blog\/index.php?rest_route=%2Fwp%2Fv2%2Fmedia&parent=6229"}],"wp:term":[{"taxonomy":"category","embeddable":true,"href":"https:\/\/www.colegiogarciabarredo.es\/blog\/index.php?rest_route=%2Fwp%2Fv2%2Fcategories&post=6229"},{"taxonomy":"post_tag","embeddable":true,"href":"https:\/\/www.colegiogarciabarredo.es\/blog\/index.php?rest_route=%2Fwp%2Fv2%2Ftags&post=6229"}],"curies":[{"name":"wp","href":"https:\/\/api.w.org\/{rel}","templated":true}]}}